{"id":9923,"date":"2019-07-30T11:00:46","date_gmt":"2019-07-30T09:00:46","guid":{"rendered":"https:\/\/costabravaparcaventura.com\/?p=9923"},"modified":"2019-07-30T14:05:41","modified_gmt":"2019-07-30T12:05:41","slug":"lo-mejor-del-cami-de-ronda","status":"publish","type":"post","link":"https:\/\/costabravaparcaventura.com\/es\/lo-mejor-del-cami-de-ronda\/","title":{"rendered":"Lo mejor del Cam\u00ed de Ronda"},"content":{"rendered":"<p><span style=\"font-weight: 400;\">Si hay alguna ruta que destaque en la Costa Brava, esa es el <\/span><b>Cam\u00ed de Ronda.<\/b><span style=\"font-weight: 400;\"> Este itinerario se extiende desde Blanes hasta Portbou, siendo <\/span><a href=\"http:\/\/www.camideronda.com\/es\/landing\/historia-del-cami-de-ronda.html\" target=\"_blank\" rel=\"noopener noreferrer\"><span style=\"font-weight: 400;\">utilizado antiguamente por los carabineros y la guardia civil para controlar el contrabando. <\/span><\/a><\/p>\n<p><span style=\"font-weight: 400;\">En la actualidad, el <\/span><b>Cam\u00ed de Ronda<\/b><span style=\"font-weight: 400;\"> no es conocido por ello, sino por tener unas vistas incre\u00edbles de todo el litoral, pudiendo observar una gran cantidad de zonas verdes combinadas con el azul intenso del mar, paisajes costeros, zonas de playa, de monta\u00f1a y naturaleza silvestre. En este v\u00eddeo puedes descubrir un poco m\u00e1s de la historia del Cam\u00ed de Ronda.\u00a0<\/span><\/p>\n<p>&nbsp;<\/p>\n<div class=\"embed-responsive  embed-responsive-16by9\"><iframe loading=\"lazy\" title=\"CAMI DE RONDA COSTA BRAVA CATALONIA 3\" width=\"1110\" height=\"624\" src=\"https:\/\/www.youtube.com\/embed\/5XP4D4kaEok?feature=oembed\" frameborder=\"0\" allow=\"accelerometer; autoplay; encrypted-media; gyroscope; picture-in-picture\" allowfullscreen><\/iframe><\/div>\n<p>&nbsp;<\/p>\n<p><span style=\"font-weight: 400;\">Lo m\u00e1s especial del Cam\u00ed de Ronda es que es una de las mejores opciones si quieres descubrir todo lo que esta zona tiene para ofrecerte, pareciendo que el tiempo se ha detenido en algunos puntos. Es como si hicieras <\/span><b>un viaje a la belleza del pasado<\/b><span style=\"font-weight: 400;\">, teniendo en cuenta las caracter\u00edsticas del presente. <\/span><\/p>\n<p><span style=\"font-weight: 400;\">En este art\u00edculo, encontrar\u00e1s recomendaciones sobre los rincones m\u00e1s especiales del Cam\u00ed de Ronda que no te puedes perder. A\u00fan as\u00ed, si est\u00e1s pensando en hacer otro tipo de ruta, ya sea en coche o en barco por la Costa Brava, en este <\/span><a href=\"https:\/\/costabravaparcaventura.com\/ruta-costa-brava\/\" target=\"_blank\" rel=\"noopener noreferrer\"><span style=\"font-weight: 400;\">art\u00edculo <\/span><\/a><span style=\"font-weight: 400;\">te contamos cu\u00e1les puedes hacer.<\/span><\/p>\n<p>&nbsp;<\/p>\n<p><img loading=\"lazy\" decoding=\"async\" class=\"aligncenter wp-image-9924 size-full\" src=\"https:\/\/costabravaparcaventura.com\/wp-content\/uploads\/2019\/05\/Lo-mejor-del-cami-de-ronda.jpg\" alt=\"Descubre lo mejor del cam\u00ed de ronda\" width=\"640\" height=\"426\" srcset=\"https:\/\/costabravaparcaventura.com\/wp-content\/uploads\/2019\/05\/Lo-mejor-del-cami-de-ronda.jpg 640w, https:\/\/costabravaparcaventura.com\/wp-content\/uploads\/2019\/05\/Lo-mejor-del-cami-de-ronda-600x399.jpg 600w, https:\/\/costabravaparcaventura.com\/wp-content\/uploads\/2019\/05\/Lo-mejor-del-cami-de-ronda-300x200.jpg 300w, https:\/\/costabravaparcaventura.com\/wp-content\/uploads\/2019\/05\/Lo-mejor-del-cami-de-ronda-272x182.jpg 272w\" sizes=\"auto, (max-width: 640px) 100vw, 640px\" \/><\/p>\n<h2><\/h2>\n<h2><b>Ruta por la Costa Brava: el Cam\u00ed de Ronda<\/b><\/h2>\n<h4><\/h4>\n<h4><b>S\u2019Agar\u00f3<\/b><\/h4>\n<p><span style=\"font-weight: 400;\">Uno de los <\/span><b>camins de Ronda de la Costa Brava<\/b><span style=\"font-weight: 400;\"> m\u00e1s escogidos por la mayor\u00eda de personas es el que se encuentra en S\u2019Agar\u00f3. Tiene una distancia de 6,5 kil\u00f3metros, que pueden recorrerse en 1 hora aproximadamente. <\/span><\/p>\n<p><span style=\"font-weight: 400;\">El inicio se hace en la <\/span><b>playa de Sant Pol<\/b><span style=\"font-weight: 400;\">, m\u00e1s conocida por sus cambios de colores. En ella, podr\u00e1s ver la Cala Pedrosa y, un poco m\u00e1s adelante, podr\u00e1s detenerte a contemplar la belleza del Mediterr\u00e1neo desde el mirador. <\/span><\/p>\n<p><span style=\"font-weight: 400;\">Si vas a realizar el viaje con ni\u00f1os, el trayecto de <\/span><b>S\u2019Agaro<\/b><span style=\"font-weight: 400;\"> es perfecto, ya que est\u00e1 muy bien acondicionado, es ancho y cumple con todas las condiciones de seguridad. <\/span><\/p>\n<h4><\/h4>\n<h4><b>Palam\u00f3s<\/b><\/h4>\n<p><span style=\"font-weight: 400;\">Sus 10,6 kil\u00f3metros lo convierten en <\/span><b>una de las rutas m\u00e1s largas<\/b><span style=\"font-weight: 400;\"> del Cam\u00ed de Ronda, en las que se tarda aproximadamente 6 horas en completarlo. Sin embargo, durante el trayecto, podr\u00e1s disfrutar de diferentes calas, como la de Castell o la Estrecha. <\/span><\/p>\n<p><span style=\"font-weight: 400;\">Otra de las vistas que te llamar\u00e1 la atenci\u00f3n son los <\/span><b>Jardines de Cap Roig<\/b><span style=\"font-weight: 400;\">, famosos porque durante el verano se celebra un <\/span><a href=\"http:\/\/www.caproigfestival.com\/es\/\" target=\"_blank\" rel=\"noopener noreferrer\"><span style=\"font-weight: 400;\">festival de m\u00fasica<\/span><\/a><span style=\"font-weight: 400;\">. Por \u00faltimo, podr\u00e1s visitar el pueblo de Calella de Palafrugell. <\/span><\/p>\n<h4><\/h4>\n<h4><b>Playa de Pals<\/b><\/h4>\n<p><span style=\"font-weight: 400;\">Si la ruta de Palam\u00f3s era una de las m\u00e1s largas, la de la Playa de Pals es todo lo contrario. Se tardan unos 50 minutos en andar sus 5,3 kil\u00f3metros. El trayecto es <\/span><b>muy f\u00e1cil de recorrer<\/b><span style=\"font-weight: 400;\">, ya que no tiene muchas pendientes, lo que s\u00ed hay son escaleras y unos pocos metros de asfalto. <\/span><\/p>\n<p><span style=\"font-weight: 400;\">Durante el recorrido por esta ruta del Cam\u00ed de Ronda encontrar\u00e1s la <\/span><b>Cala Moreta<\/b><span style=\"font-weight: 400;\">, seguido de la playa de Sa Riera. Unos pocos minutos m\u00e1s tarde, descubrir\u00e1s Aiguafreda para terminar con Sa Tuna.<\/span><\/p>\n<div class=\"embed-responsive  embed-responsive-16by9\"><iframe loading=\"lazy\" title=\"Cami de Ronda # Platja d&#039;Aro\" width=\"1110\" height=\"624\" src=\"https:\/\/www.youtube.com\/embed\/5gSjraSHYdE?feature=oembed\" frameborder=\"0\" allow=\"accelerometer; autoplay; encrypted-media; gyroscope; picture-in-picture\" allowfullscreen><\/iframe><\/div>\n<h4><\/h4>\n<h4><b>Begur<\/b><\/h4>\n<p><span style=\"font-weight: 400;\">Si eres amante del senderismo no puedes olvidar una de las rutas m\u00e1s especiales del Cam\u00ed de Ronda. En Begur, una de las poblaciones m\u00e1s bellas de la Costa Brava, se puede iniciar una ruta desde la Platja del Rac\u00f3 a Sa Riera. El camino se inicia en la Platja del Rac\u00f3, una playa que se extiende hasta el puerto del Estartit, desde donde queda a la vista el conjunto de islotes que forman las Illes Medes. <\/span><\/p>\n<p><span style=\"font-weight: 400;\">El primer punto interesante del camino es la Cala de <\/span><a href=\"http:\/\/redcostabrava.com\/ficha\/illa-roja-begur-girona-cala-de-illa-roja\/\" target=\"_blank\" rel=\"noopener noreferrer\"><span style=\"font-weight: 400;\">l\u2019Illa Roja<\/span><\/a><span style=\"font-weight: 400;\">, que encontraremos a 5 minutos desde el inicio del trayecto. Esta cala destaca por su imagen cambiante, debido al movimiento de la marea y por su enorme roca situada en el centro. \u00a1Esta cala nos gusta tanto, que uno de nuestros circuitos de aventuras lleva su mismo nombre!<\/span><\/p>\n<p><span style=\"font-weight: 400;\">Despu\u00e9s de un tramo de subida por escaleras, iniciaremos el descenso a la playa de Sa Riera, la m\u00e1s grande del municipio con 300 metros de longitud. Aqu\u00ed podremos recuperar el aliento, mientras disfrutamos de un agradable ba\u00f1o. \u00a1Esta ruta destaca sobretodo por sus incre\u00edbles vistas!<\/span><\/p>\n<h2><\/h2>\n<h2>El norte del Cam\u00ed de Ronda<\/h2>\n<h4><\/h4>\n<h4><b>El Port de la Selva<\/b><\/h4>\n<p><span style=\"font-weight: 400;\">Este pueblo tiene una gran riqueza de paisajes que todos los que lo han visitado adoran. Sus 8,8 kil\u00f3metros son suficientes para conocer el <\/span><b>Faro de S\u2019Arenella<\/b><span style=\"font-weight: 400;\"> o el Cabo de Bol. Siguiendo la costa por todo el litoral, llegar\u00e1s hasta las Islas Falc\u00f3. <\/span><\/p>\n<h4><\/h4>\n<h4><b>Cadaqu\u00e9s<\/b><\/h4>\n<p><span style=\"font-weight: 400;\">Una de las rutas del <\/span><b>Cam\u00ed de Ronda<\/b><span style=\"font-weight: 400;\"> que m\u00e1s adoran los que se atreven a realizarla. \u00bfEl motivo? Es un tramo que no ha perdido caracter\u00edsticas con el paso del tiempo, a\u00fan es virgen y salvaje, como hace cientos de a\u00f1os. <\/span><\/p>\n<p><span style=\"font-weight: 400;\">Para empezar la ruta de 5 horas, siendo un total de 10 kil\u00f3metros, se hace en el peque\u00f1o pueblo de Cadaqu\u00e9s. Al poco tiempo, pasar\u00e1s por Portlligat, donde podr\u00e1s visitar la <\/span><b>casa <\/b><a href=\"https:\/\/www.salvador-dali.org\/es\/museos\/teatro-museo-dali-de-figueres\/\" target=\"_blank\" rel=\"noopener noreferrer\"><b>museo de Dal\u00ed<\/b><span style=\"font-weight: 400;\">,<\/span><\/a><span style=\"font-weight: 400;\"> que adquiri\u00f3 en 1930 gracias a las fant\u00e1sticas vistas que existen desde ella. <\/span><\/p>\n<p><span style=\"font-weight: 400;\">Para terminar, visitar\u00e1s el <\/span><b>Faro del Cabo de Creus<\/b><span style=\"font-weight: 400;\">, uno de los puntos m\u00e1s famosos de la zona oriental de Catalu\u00f1a.<\/span><\/p>\n<p><img loading=\"lazy\" decoding=\"async\" class=\"size-full wp-image-9928 aligncenter\" src=\"https:\/\/costabravaparcaventura.com\/wp-content\/uploads\/2019\/05\/Lo-mejor-del-cami-de-ronda-3.jpg\" alt=\"Descubre o mejor del cami de ronda\" width=\"640\" height=\"426\" srcset=\"https:\/\/costabravaparcaventura.com\/wp-content\/uploads\/2019\/05\/Lo-mejor-del-cami-de-ronda-3.jpg 640w, https:\/\/costabravaparcaventura.com\/wp-content\/uploads\/2019\/05\/Lo-mejor-del-cami-de-ronda-3-600x399.jpg 600w, https:\/\/costabravaparcaventura.com\/wp-content\/uploads\/2019\/05\/Lo-mejor-del-cami-de-ronda-3-300x200.jpg 300w, https:\/\/costabravaparcaventura.com\/wp-content\/uploads\/2019\/05\/Lo-mejor-del-cami-de-ronda-3-272x182.jpg 272w\" sizes=\"auto, (max-width: 640px) 100vw, 640px\" \/><\/p>\n<h4><\/h4>\n<h4><b>Roses<\/b><\/h4>\n<p><span style=\"font-weight: 400;\">La \u00faltima de las rutas del Cam\u00ed de Ronda que os queremos mostrar. Roses cuenta con una distancia de 9,5 kil\u00f3metros, que se tardan 4 horas en recorrer. El <\/span><b>Parque Natural del Cabo de Creus<\/b><span style=\"font-weight: 400;\"> ser\u00e1 la primera vista que tengas, un espacio de una gran belleza, con estructuras y afloramientos que le caracterizan como un espacio \u00fanico en el mundo. Conforme sigas avanzando, te encontrar\u00e1s con la <\/span><b>Playa de la Almadraba<\/b><span style=\"font-weight: 400;\"> y terminar\u00e1s en la Cala Montjoi. <\/span><\/p>\n<p><span style=\"font-weight: 400;\">El <\/span><b>Cam\u00ed de Ronda<\/b><span style=\"font-weight: 400;\"> es una de las mejores rutas que se pueden hacer por la Costa Brava. Podr\u00e1s descubrir una gran cantidad de lugares escondidos y paisajes preciosos que merecen ser contemplados al menos una vez en la vida. Y, si entre ruta y ruta os apetece un poco de aventura, no olvid\u00e9is visitar alguno de nuestros parques de tirolinas. <\/span><\/p>\n<p><span style=\"font-weight: 400;\">\u00bfTe gustar\u00eda saber qu\u00e9 otras actividades puedes hacer en la Costa Brava? Ap\u00fantate a nuestra newsletter y s\u00edguenos en <\/span><a href=\"https:\/\/www.facebook.com\/costabravaparcaventura\/?modal=admin_todo_tour\" target=\"_blank\" rel=\"noopener noreferrer\"><span style=\"font-weight: 400;\">Facebook <\/span><\/a><span style=\"font-weight: 400;\">e <\/span><a href=\"https:\/\/www.instagram.com\/costabravaparcaventura\/\" target=\"_blank\" rel=\"noopener noreferrer\"><span style=\"font-weight: 400;\">Instagram <\/span><\/a><span style=\"font-weight: 400;\">para descubrirlas. <\/span><\/p>\n<script>(function() {\n\twindow.mc4wp = window.mc4wp || {\n\t\tlisteners: [],\n\t\tforms: {\n\t\t\ton: function(evt, cb) {\n\t\t\t\twindow.mc4wp.listeners.push(\n\t\t\t\t\t{\n\t\t\t\t\t\tevent   : evt,\n\t\t\t\t\t\tcallback: cb\n\t\t\t\t\t}\n\t\t\t\t);\n\t\t\t}\n\t\t}\n\t}\n})();\n<\/script><!-- Mailchimp for WordPress v4.12.2 - https:\/\/wordpress.org\/plugins\/mailchimp-for-wp\/ --><form id=\"mc4wp-form-1\" class=\"mc4wp-form mc4wp-form-5292\" method=\"post\" data-id=\"5292\" data-name=\"Newsletter footer\" ><div class=\"mc4wp-form-fields\"><p>\r\n\t<input type=\"email\" name=\"EMAIL\" class=\"wpcf7-form-control wpcf7-text wpcf7-email wpcf7-validates-as-required wpcf7-validates-as-email form-control\" placeholder=\"Email\" required \/>\r\n<\/p>\r\n<p>\r\nDej\u00e1ndonos tu email, aceptas nuestros <a href=\"\/politica-de-privacidad-y-cookies\/\" target=\"_blank\">t\u00e9rminos y condiciones<\/a>\r\n<\/p>\r\n\r\n<p>\r\n\t<input  type=\"submit\" class=\"wpcf7-form-control wpcf7-submit btn btn-primary\" value=\"Suscribirse\" \/>\r\n<\/p><\/div><label style=\"display: none !important;\">Deja vac\u00edo este campo si eres humano: <input type=\"text\" name=\"_mc4wp_honeypot\" value=\"\" tabindex=\"-1\" autocomplete=\"off\" \/><\/label><input type=\"hidden\" name=\"_mc4wp_timestamp\" value=\"1777718604\" \/><input type=\"hidden\" name=\"_mc4wp_form_id\" value=\"5292\" \/><input type=\"hidden\" name=\"_mc4wp_form_element_id\" value=\"mc4wp-form-1\" \/><div class=\"mc4wp-response\"><\/div><\/form><!-- \/ Mailchimp for WordPress Plugin -->","protected":false},"excerpt":{"rendered":"<p>El Cam\u00ed de Ronda es una de las rutas m\u00e1s destacadas de la Costa Brava, por la belleza que esconde en cada tramo y las magn\u00edficas vistas que se pueden contemplar de todo el territorio<\/p>\n","protected":false},"author":5,"featured_media":9936,"comment_status":"closed","ping_status":"closed","sticky":false,"template":"","format":"standard","meta":{"_acf_changed":false,"footnotes":""},"categories":[100],"tags":[],"class_list":{"0":"post-9923","1":"post","2":"type-post","3":"status-publish","4":"format-standard","5":"has-post-thumbnail","7":"category-actividades-en-la-naturaleza","8":"clearfix","9":"article"},"acf":[],"yoast_head":"<!-- This site is optimized with the Yoast SEO plugin v27.5 - https:\/\/yoast.com\/product\/yoast-seo-wordpress\/ -->\n<title>Cam\u00ed de Ronda, descubre las mejores rutas | Costa Brava Parc Aventura<\/title>\n<meta name=\"description\" content=\"Descubre lo mejor del Cam\u00ed de Ronda de la Costa Brava, sus rincones m\u00e1s espectaculares y secretos que te har\u00e1n disfrutar de una experiencia incre\u00edble?\" \/>\n<meta name=\"robots\" content=\"index, follow, max-snippet:-1, max-image-preview:large, max-video-preview:-1\" \/>\n<link rel=\"canonical\" href=\"https:\/\/costabravaparcaventura.com\/es\/lo-mejor-del-cami-de-ronda\/\" \/>\n<meta property=\"og:locale\" content=\"es_ES\" \/>\n<meta property=\"og:type\" content=\"article\" \/>\n<meta property=\"og:title\" content=\"Cam\u00ed de Ronda, descubre las mejores rutas | Costa Brava Parc Aventura\" \/>\n<meta property=\"og:description\" content=\"Descubre lo mejor del Cam\u00ed de Ronda de la Costa Brava, sus rincones m\u00e1s espectaculares y secretos que te har\u00e1n disfrutar de una experiencia incre\u00edble?\" \/>\n<meta property=\"og:url\" content=\"https:\/\/costabravaparcaventura.com\/es\/lo-mejor-del-cami-de-ronda\/\" \/>\n<meta property=\"og:site_name\" content=\"Costa Brava Parc Aventura\" \/>\n<meta property=\"article:publisher\" content=\"https:\/\/www.facebook.com\/costabravaparcaventura\" \/>\n<meta property=\"article:published_time\" content=\"2019-07-30T09:00:46+00:00\" \/>\n<meta property=\"article:modified_time\" content=\"2019-07-30T12:05:41+00:00\" \/>\n<meta property=\"og:image\" content=\"https:\/\/costabravaparcaventura.com\/wp-content\/uploads\/2019\/05\/Lo-mejor-del-cami-de-ronda-3-2-min-1.jpg\" \/>\n\t<meta property=\"og:image:width\" content=\"1420\" \/>\n\t<meta property=\"og:image:height\" content=\"500\" \/>\n\t<meta property=\"og:image:type\" content=\"image\/jpeg\" \/>\n<meta name=\"author\" content=\"Costa Brava Parc Aventura\" \/>\n<meta name=\"twitter:card\" content=\"summary_large_image\" \/>\n<meta name=\"twitter:creator\" content=\"@BravaParc\" \/>\n<meta name=\"twitter:site\" content=\"@BravaParc\" \/>\n<meta name=\"twitter:label1\" content=\"Escrito por\" \/>\n\t<meta name=\"twitter:data1\" content=\"Costa Brava Parc Aventura\" \/>\n\t<meta name=\"twitter:label2\" content=\"Tiempo de lectura\" \/>\n\t<meta name=\"twitter:data2\" content=\"5 minutos\" \/>\n<script type=\"application\/ld+json\" class=\"yoast-schema-graph\">{\"@context\":\"https:\\\/\\\/schema.org\",\"@graph\":[{\"@type\":\"Article\",\"@id\":\"https:\\\/\\\/costabravaparcaventura.com\\\/es\\\/lo-mejor-del-cami-de-ronda\\\/#article\",\"isPartOf\":{\"@id\":\"https:\\\/\\\/costabravaparcaventura.com\\\/es\\\/lo-mejor-del-cami-de-ronda\\\/\"},\"author\":{\"name\":\"Costa Brava Parc Aventura\",\"@id\":\"https:\\\/\\\/costabravaparcaventura.com\\\/es\\\/#\\\/schema\\\/person\\\/5e2a82ca06b9316b3968c37c4d7d22c7\"},\"headline\":\"Lo mejor del Cam\u00ed de Ronda\",\"datePublished\":\"2019-07-30T09:00:46+00:00\",\"dateModified\":\"2019-07-30T12:05:41+00:00\",\"mainEntityOfPage\":{\"@id\":\"https:\\\/\\\/costabravaparcaventura.com\\\/es\\\/lo-mejor-del-cami-de-ronda\\\/\"},\"wordCount\":1091,\"publisher\":{\"@id\":\"https:\\\/\\\/costabravaparcaventura.com\\\/es\\\/#organization\"},\"image\":{\"@id\":\"https:\\\/\\\/costabravaparcaventura.com\\\/es\\\/lo-mejor-del-cami-de-ronda\\\/#primaryimage\"},\"thumbnailUrl\":\"https:\\\/\\\/costabravaparcaventura.com\\\/wp-content\\\/uploads\\\/2019\\\/05\\\/Lo-mejor-del-cami-de-ronda-3-2-min-1.jpg\",\"articleSection\":[\"Actividades en la Naturaleza\"],\"inLanguage\":\"es\"},{\"@type\":\"WebPage\",\"@id\":\"https:\\\/\\\/costabravaparcaventura.com\\\/es\\\/lo-mejor-del-cami-de-ronda\\\/\",\"url\":\"https:\\\/\\\/costabravaparcaventura.com\\\/es\\\/lo-mejor-del-cami-de-ronda\\\/\",\"name\":\"Cam\u00ed de Ronda, descubre las mejores rutas | Costa Brava Parc Aventura\",\"isPartOf\":{\"@id\":\"https:\\\/\\\/costabravaparcaventura.com\\\/es\\\/#website\"},\"primaryImageOfPage\":{\"@id\":\"https:\\\/\\\/costabravaparcaventura.com\\\/es\\\/lo-mejor-del-cami-de-ronda\\\/#primaryimage\"},\"image\":{\"@id\":\"https:\\\/\\\/costabravaparcaventura.com\\\/es\\\/lo-mejor-del-cami-de-ronda\\\/#primaryimage\"},\"thumbnailUrl\":\"https:\\\/\\\/costabravaparcaventura.com\\\/wp-content\\\/uploads\\\/2019\\\/05\\\/Lo-mejor-del-cami-de-ronda-3-2-min-1.jpg\",\"datePublished\":\"2019-07-30T09:00:46+00:00\",\"dateModified\":\"2019-07-30T12:05:41+00:00\",\"description\":\"Descubre lo mejor del Cam\u00ed de Ronda de la Costa Brava, sus rincones m\u00e1s espectaculares y secretos que te har\u00e1n disfrutar de una experiencia incre\u00edble?\",\"breadcrumb\":{\"@id\":\"https:\\\/\\\/costabravaparcaventura.com\\\/es\\\/lo-mejor-del-cami-de-ronda\\\/#breadcrumb\"},\"inLanguage\":\"es\",\"potentialAction\":[{\"@type\":\"ReadAction\",\"target\":[\"https:\\\/\\\/costabravaparcaventura.com\\\/es\\\/lo-mejor-del-cami-de-ronda\\\/\"]}]},{\"@type\":\"ImageObject\",\"inLanguage\":\"es\",\"@id\":\"https:\\\/\\\/costabravaparcaventura.com\\\/es\\\/lo-mejor-del-cami-de-ronda\\\/#primaryimage\",\"url\":\"https:\\\/\\\/costabravaparcaventura.com\\\/wp-content\\\/uploads\\\/2019\\\/05\\\/Lo-mejor-del-cami-de-ronda-3-2-min-1.jpg\",\"contentUrl\":\"https:\\\/\\\/costabravaparcaventura.com\\\/wp-content\\\/uploads\\\/2019\\\/05\\\/Lo-mejor-del-cami-de-ronda-3-2-min-1.jpg\",\"width\":1420,\"height\":500},{\"@type\":\"BreadcrumbList\",\"@id\":\"https:\\\/\\\/costabravaparcaventura.com\\\/es\\\/lo-mejor-del-cami-de-ronda\\\/#breadcrumb\",\"itemListElement\":[{\"@type\":\"ListItem\",\"position\":1,\"name\":\"Portada\",\"item\":\"https:\\\/\\\/costabravaparcaventura.com\\\/es\\\/\"},{\"@type\":\"ListItem\",\"position\":2,\"name\":\"Lo mejor del Cam\u00ed de Ronda\"}]},{\"@type\":\"WebSite\",\"@id\":\"https:\\\/\\\/costabravaparcaventura.com\\\/es\\\/#website\",\"url\":\"https:\\\/\\\/costabravaparcaventura.com\\\/es\\\/\",\"name\":\"Costa Brava Parc Aventura\",\"description\":\"tirolinas costa brava\",\"publisher\":{\"@id\":\"https:\\\/\\\/costabravaparcaventura.com\\\/es\\\/#organization\"},\"potentialAction\":[{\"@type\":\"SearchAction\",\"target\":{\"@type\":\"EntryPoint\",\"urlTemplate\":\"https:\\\/\\\/costabravaparcaventura.com\\\/es\\\/?s={search_term_string}\"},\"query-input\":{\"@type\":\"PropertyValueSpecification\",\"valueRequired\":true,\"valueName\":\"search_term_string\"}}],\"inLanguage\":\"es\"},{\"@type\":\"Organization\",\"@id\":\"https:\\\/\\\/costabravaparcaventura.com\\\/es\\\/#organization\",\"name\":\"Costa Brava Parc Aventura\",\"url\":\"https:\\\/\\\/costabravaparcaventura.com\\\/es\\\/\",\"logo\":{\"@type\":\"ImageObject\",\"inLanguage\":\"es\",\"@id\":\"https:\\\/\\\/costabravaparcaventura.com\\\/es\\\/#\\\/schema\\\/logo\\\/image\\\/\",\"url\":\"https:\\\/\\\/costabravaparcaventura.com\\\/wp-content\\\/uploads\\\/2023\\\/07\\\/logo_parc_aventura_600.jpg\",\"contentUrl\":\"https:\\\/\\\/costabravaparcaventura.com\\\/wp-content\\\/uploads\\\/2023\\\/07\\\/logo_parc_aventura_600.jpg\",\"width\":600,\"height\":600,\"caption\":\"Costa Brava Parc Aventura\"},\"image\":{\"@id\":\"https:\\\/\\\/costabravaparcaventura.com\\\/es\\\/#\\\/schema\\\/logo\\\/image\\\/\"},\"sameAs\":[\"https:\\\/\\\/www.facebook.com\\\/costabravaparcaventura\",\"https:\\\/\\\/x.com\\\/BravaParc\",\"https:\\\/\\\/www.instagram.com\\\/costabravaparcaventura\\\/\",\"https:\\\/\\\/www.youtube.com\\\/user\\\/costabravaparc\"]},{\"@type\":\"Person\",\"@id\":\"https:\\\/\\\/costabravaparcaventura.com\\\/es\\\/#\\\/schema\\\/person\\\/5e2a82ca06b9316b3968c37c4d7d22c7\",\"name\":\"Costa Brava Parc Aventura\",\"image\":{\"@type\":\"ImageObject\",\"inLanguage\":\"es\",\"@id\":\"https:\\\/\\\/secure.gravatar.com\\\/avatar\\\/19d0327e8265e1dc4e966a59529919ffca4c5bd5335bfaa42725daa25e694946?s=96&d=mm&r=g\",\"url\":\"https:\\\/\\\/secure.gravatar.com\\\/avatar\\\/19d0327e8265e1dc4e966a59529919ffca4c5bd5335bfaa42725daa25e694946?s=96&d=mm&r=g\",\"contentUrl\":\"https:\\\/\\\/secure.gravatar.com\\\/avatar\\\/19d0327e8265e1dc4e966a59529919ffca4c5bd5335bfaa42725daa25e694946?s=96&d=mm&r=g\",\"caption\":\"Costa Brava Parc Aventura\"},\"url\":\"https:\\\/\\\/costabravaparcaventura.com\\\/es\\\/author\\\/costa-brava-parc-aventura\\\/\"}]}<\/script>\n<!-- \/ Yoast SEO plugin. -->","yoast_head_json":{"title":"Cam\u00ed de Ronda, descubre las mejores rutas | Costa Brava Parc Aventura","description":"Descubre lo mejor del Cam\u00ed de Ronda de la Costa Brava, sus rincones m\u00e1s espectaculares y secretos que te har\u00e1n disfrutar de una experiencia incre\u00edble?","robots":{"index":"index","follow":"follow","max-snippet":"max-snippet:-1","max-image-preview":"max-image-preview:large","max-video-preview":"max-video-preview:-1"},"canonical":"https:\/\/costabravaparcaventura.com\/es\/lo-mejor-del-cami-de-ronda\/","og_locale":"es_ES","og_type":"article","og_title":"Cam\u00ed de Ronda, descubre las mejores rutas | Costa Brava Parc Aventura","og_description":"Descubre lo mejor del Cam\u00ed de Ronda de la Costa Brava, sus rincones m\u00e1s espectaculares y secretos que te har\u00e1n disfrutar de una experiencia incre\u00edble?","og_url":"https:\/\/costabravaparcaventura.com\/es\/lo-mejor-del-cami-de-ronda\/","og_site_name":"Costa Brava Parc Aventura","article_publisher":"https:\/\/www.facebook.com\/costabravaparcaventura","article_published_time":"2019-07-30T09:00:46+00:00","article_modified_time":"2019-07-30T12:05:41+00:00","og_image":[{"width":1420,"height":500,"url":"https:\/\/costabravaparcaventura.com\/wp-content\/uploads\/2019\/05\/Lo-mejor-del-cami-de-ronda-3-2-min-1.jpg","type":"image\/jpeg"}],"author":"Costa Brava Parc Aventura","twitter_card":"summary_large_image","twitter_creator":"@BravaParc","twitter_site":"@BravaParc","twitter_misc":{"Escrito por":"Costa Brava Parc Aventura","Tiempo de lectura":"5 minutos"},"schema":{"@context":"https:\/\/schema.org","@graph":[{"@type":"Article","@id":"https:\/\/costabravaparcaventura.com\/es\/lo-mejor-del-cami-de-ronda\/#article","isPartOf":{"@id":"https:\/\/costabravaparcaventura.com\/es\/lo-mejor-del-cami-de-ronda\/"},"author":{"name":"Costa Brava Parc Aventura","@id":"https:\/\/costabravaparcaventura.com\/es\/#\/schema\/person\/5e2a82ca06b9316b3968c37c4d7d22c7"},"headline":"Lo mejor del Cam\u00ed de Ronda","datePublished":"2019-07-30T09:00:46+00:00","dateModified":"2019-07-30T12:05:41+00:00","mainEntityOfPage":{"@id":"https:\/\/costabravaparcaventura.com\/es\/lo-mejor-del-cami-de-ronda\/"},"wordCount":1091,"publisher":{"@id":"https:\/\/costabravaparcaventura.com\/es\/#organization"},"image":{"@id":"https:\/\/costabravaparcaventura.com\/es\/lo-mejor-del-cami-de-ronda\/#primaryimage"},"thumbnailUrl":"https:\/\/costabravaparcaventura.com\/wp-content\/uploads\/2019\/05\/Lo-mejor-del-cami-de-ronda-3-2-min-1.jpg","articleSection":["Actividades en la Naturaleza"],"inLanguage":"es"},{"@type":"WebPage","@id":"https:\/\/costabravaparcaventura.com\/es\/lo-mejor-del-cami-de-ronda\/","url":"https:\/\/costabravaparcaventura.com\/es\/lo-mejor-del-cami-de-ronda\/","name":"Cam\u00ed de Ronda, descubre las mejores rutas | Costa Brava Parc Aventura","isPartOf":{"@id":"https:\/\/costabravaparcaventura.com\/es\/#website"},"primaryImageOfPage":{"@id":"https:\/\/costabravaparcaventura.com\/es\/lo-mejor-del-cami-de-ronda\/#primaryimage"},"image":{"@id":"https:\/\/costabravaparcaventura.com\/es\/lo-mejor-del-cami-de-ronda\/#primaryimage"},"thumbnailUrl":"https:\/\/costabravaparcaventura.com\/wp-content\/uploads\/2019\/05\/Lo-mejor-del-cami-de-ronda-3-2-min-1.jpg","datePublished":"2019-07-30T09:00:46+00:00","dateModified":"2019-07-30T12:05:41+00:00","description":"Descubre lo mejor del Cam\u00ed de Ronda de la Costa Brava, sus rincones m\u00e1s espectaculares y secretos que te har\u00e1n disfrutar de una experiencia incre\u00edble?","breadcrumb":{"@id":"https:\/\/costabravaparcaventura.com\/es\/lo-mejor-del-cami-de-ronda\/#breadcrumb"},"inLanguage":"es","potentialAction":[{"@type":"ReadAction","target":["https:\/\/costabravaparcaventura.com\/es\/lo-mejor-del-cami-de-ronda\/"]}]},{"@type":"ImageObject","inLanguage":"es","@id":"https:\/\/costabravaparcaventura.com\/es\/lo-mejor-del-cami-de-ronda\/#primaryimage","url":"https:\/\/costabravaparcaventura.com\/wp-content\/uploads\/2019\/05\/Lo-mejor-del-cami-de-ronda-3-2-min-1.jpg","contentUrl":"https:\/\/costabravaparcaventura.com\/wp-content\/uploads\/2019\/05\/Lo-mejor-del-cami-de-ronda-3-2-min-1.jpg","width":1420,"height":500},{"@type":"BreadcrumbList","@id":"https:\/\/costabravaparcaventura.com\/es\/lo-mejor-del-cami-de-ronda\/#breadcrumb","itemListElement":[{"@type":"ListItem","position":1,"name":"Portada","item":"https:\/\/costabravaparcaventura.com\/es\/"},{"@type":"ListItem","position":2,"name":"Lo mejor del Cam\u00ed de Ronda"}]},{"@type":"WebSite","@id":"https:\/\/costabravaparcaventura.com\/es\/#website","url":"https:\/\/costabravaparcaventura.com\/es\/","name":"Costa Brava Parc Aventura","description":"tirolinas costa brava","publisher":{"@id":"https:\/\/costabravaparcaventura.com\/es\/#organization"},"potentialAction":[{"@type":"SearchAction","target":{"@type":"EntryPoint","urlTemplate":"https:\/\/costabravaparcaventura.com\/es\/?s={search_term_string}"},"query-input":{"@type":"PropertyValueSpecification","valueRequired":true,"valueName":"search_term_string"}}],"inLanguage":"es"},{"@type":"Organization","@id":"https:\/\/costabravaparcaventura.com\/es\/#organization","name":"Costa Brava Parc Aventura","url":"https:\/\/costabravaparcaventura.com\/es\/","logo":{"@type":"ImageObject","inLanguage":"es","@id":"https:\/\/costabravaparcaventura.com\/es\/#\/schema\/logo\/image\/","url":"https:\/\/costabravaparcaventura.com\/wp-content\/uploads\/2023\/07\/logo_parc_aventura_600.jpg","contentUrl":"https:\/\/costabravaparcaventura.com\/wp-content\/uploads\/2023\/07\/logo_parc_aventura_600.jpg","width":600,"height":600,"caption":"Costa Brava Parc Aventura"},"image":{"@id":"https:\/\/costabravaparcaventura.com\/es\/#\/schema\/logo\/image\/"},"sameAs":["https:\/\/www.facebook.com\/costabravaparcaventura","https:\/\/x.com\/BravaParc","https:\/\/www.instagram.com\/costabravaparcaventura\/","https:\/\/www.youtube.com\/user\/costabravaparc"]},{"@type":"Person","@id":"https:\/\/costabravaparcaventura.com\/es\/#\/schema\/person\/5e2a82ca06b9316b3968c37c4d7d22c7","name":"Costa Brava Parc Aventura","image":{"@type":"ImageObject","inLanguage":"es","@id":"https:\/\/secure.gravatar.com\/avatar\/19d0327e8265e1dc4e966a59529919ffca4c5bd5335bfaa42725daa25e694946?s=96&d=mm&r=g","url":"https:\/\/secure.gravatar.com\/avatar\/19d0327e8265e1dc4e966a59529919ffca4c5bd5335bfaa42725daa25e694946?s=96&d=mm&r=g","contentUrl":"https:\/\/secure.gravatar.com\/avatar\/19d0327e8265e1dc4e966a59529919ffca4c5bd5335bfaa42725daa25e694946?s=96&d=mm&r=g","caption":"Costa Brava Parc Aventura"},"url":"https:\/\/costabravaparcaventura.com\/es\/author\/costa-brava-parc-aventura\/"}]}},"_links":{"self":[{"href":"https:\/\/costabravaparcaventura.com\/es\/wp-json\/wp\/v2\/posts\/9923","targetHints":{"allow":["GET"]}}],"collection":[{"href":"https:\/\/costabravaparcaventura.com\/es\/wp-json\/wp\/v2\/posts"}],"about":[{"href":"https:\/\/costabravaparcaventura.com\/es\/wp-json\/wp\/v2\/types\/post"}],"author":[{"embeddable":true,"href":"https:\/\/costabravaparcaventura.com\/es\/wp-json\/wp\/v2\/users\/5"}],"replies":[{"embeddable":true,"href":"https:\/\/costabravaparcaventura.com\/es\/wp-json\/wp\/v2\/comments?post=9923"}],"version-history":[{"count":9,"href":"https:\/\/costabravaparcaventura.com\/es\/wp-json\/wp\/v2\/posts\/9923\/revisions"}],"predecessor-version":[{"id":10109,"href":"https:\/\/costabravaparcaventura.com\/es\/wp-json\/wp\/v2\/posts\/9923\/revisions\/10109"}],"wp:featuredmedia":[{"embeddable":true,"href":"https:\/\/costabravaparcaventura.com\/es\/wp-json\/wp\/v2\/media\/9936"}],"wp:attachment":[{"href":"https:\/\/costabravaparcaventura.com\/es\/wp-json\/wp\/v2\/media?parent=9923"}],"wp:term":[{"taxonomy":"category","embeddable":true,"href":"https:\/\/costabravaparcaventura.com\/es\/wp-json\/wp\/v2\/categories?post=9923"},{"taxonomy":"post_tag","embeddable":true,"href":"https:\/\/costabravaparcaventura.com\/es\/wp-json\/wp\/v2\/tags?post=9923"}],"curies":[{"name":"wp","href":"https:\/\/api.w.org\/{rel}","templated":true}]}}