{"id":16740,"date":"2021-12-13T16:42:50","date_gmt":"2021-12-13T15:42:50","guid":{"rendered":"https:\/\/costabravaparcaventura.com\/?p=16740"},"modified":"2021-12-20T21:19:26","modified_gmt":"2021-12-20T20:19:26","slug":"ascenciones-invernales","status":"publish","type":"post","link":"https:\/\/costabravaparcaventura.com\/es\/ascenciones-invernales\/","title":{"rendered":"ASCENSIONES INVERNALES"},"content":{"rendered":"<h2><strong>Dec\u00e1logo de consejos para realizar una ascensi\u00f3n invernal segura<\/strong><\/h2>\n<p><strong>La monta\u00f1a tiene todo lo que necesitas durante este invierno: aire libre, lejos de multitudes y, sobre todo, deporte y aventura. Por ello, Joaqu\u00edn \u00c1lvarez, gu\u00eda de Alta Monta\u00f1a de la\u00a0<\/strong><a href=\"http:\/\/www.aegm.org\/\" target=\"_blank\" rel=\"noreferrer noopener\"><strong>Asociaci\u00f3n Espa\u00f1ola de Gu\u00edas de Monta\u00f1a (AEGM)<\/strong><\/a>,<strong>\u00a0te da una serie de consejos para realizar unas correctas ascensiones invernales, recomienda interesantes rutas, y por supuesto, explica c\u00f3mo anticiparte a los obst\u00e1culos que surjan con la nieve.<\/strong><\/p>\n<p>Las mejores rutas para llevar a cabo ascensiones a la monta\u00f1a en pleno\u00a0<a href=\"https:\/\/blog.urquiabas.com\/formacion-guias-de-montana-y-deportes-de-invierno\/\" target=\"_blank\" rel=\"noreferrer noopener\">invierno<\/a>\u00a0depender\u00e1n de las condiciones de la monta\u00f1a.\u00a0<em>\u201cEn ocasiones, con mucho exceso de\u00a0<\/em><a href=\"https:\/\/blog.urquiabas.com\/todo-lo-que-hay-saber-sobre-el-seguro-de-esqui\/\" target=\"_blank\" rel=\"noreferrer noopener\"><em>nieve<\/em><\/a><em>, puede ser m\u00e1s seguro escalar una cascada y rapelar por ella que hacer cumbre por una v\u00eda normal y viceversa\u201d.\u00a0<\/em>Todo depender\u00e1 de las circunstancias en cada momento.<\/p>\n<p>Teniendo claro este aspecto, y antes de adentrarnos en las rutas \u2018top\u2019 por antonomasia, es necesario tener en cuenta:<\/p>\n<h3><strong>Dec\u00e1logo de consejos de\u00a0<a href=\"http:\/\/www.aegm.org\/\" target=\"_blank\" rel=\"noreferrer noopener\">AEGM<\/a>\u00a0para una perfecta ascensi\u00f3n a la monta\u00f1a en invierno<\/strong><\/h3>\n<ol type=\"1\">\n<li><strong>Observar la meteorolog\u00eda durante la semana<\/strong>\u00a0y para el d\u00eda de la excursi\u00f3n. De ese modo, te har\u00e1s una idea del estado la monta\u00f1a.<\/li>\n<li><strong>Estudiar minuciosamente la ruta.\u00a0<\/strong>As\u00ed podr\u00e1s calcular sobre tu estado f\u00edsico la dureza y dificultad que puedes asumir, minimizando peligros subjetivos.<\/li>\n<li>Haz un\u00a0<strong>an\u00e1lisis minucioso de los peligros objetivos que presente la ruta,<\/strong>\u00a0y valora si las condiciones actuales garantizan los est\u00e1ndares de seguridad.<\/li>\n<li><strong>Prepara la mochila a conciencia<\/strong>\u00a0separando por bloques todas las herramientas necesarias: material duro, material de seguridad (dva, pala, sonda), gafas-cremas, bater\u00edas, ropa-guantes de repuesto, comida-bebida, bebidas calientes y telefon\u00eda.<\/li>\n<li><strong>Si haces esqu\u00ed de traves\u00eda lleva otra piel de foca de repuesto y ceras<\/strong>, adem\u00e1s de un peque\u00f1o remanente de cinta por si se despega la piel.<\/li>\n<li><strong>Camina por lomos<\/strong>\u00a0en la medida de lo posible.<\/li>\n<li><strong>Madruga.<\/strong><\/li>\n<li><strong>Deja aviso de a d\u00f3nde vas.\u00a0<\/strong>Estar localizable.<\/li>\n<li><strong>Pregunta\u00a0<\/strong>al guarda del refugio\u00a0<strong>por las condiciones.<\/strong><\/li>\n<li>Si no lo ves claro,\u00a0<strong>contrata un gu\u00eda.<\/strong><\/li>\n<\/ol>\n<h2><strong>Rutas recomendadas para realizar ascensiones invernales<\/strong><\/h2>\n<p>De las\u00a0<strong>monta\u00f1as del territorio espa\u00f1ol, es complicado distinguir las m\u00e1s recomendables para conquistar en invierno.\u00a0<\/strong><em>\u201cEntre todas las sierras que componen los sistemas monta\u00f1osos, es dif\u00edcil decidir qu\u00e9 monta\u00f1as son las m\u00e1s adecuadas o las m\u00e1s bonitas para adentrarse en el terreno de la alta monta\u00f1a invernal\u201d.<\/em>\u00a0Sin embargo, en AEGM han hecho una recopilaci\u00f3n de las m\u00e1s caracter\u00edsticas. Son las siguientes:<\/p>\n<ul>\n<li><strong>Cordillera Cant\u00e1brica:<\/strong>\u00a0Una de las monta\u00f1as m\u00e1s singulares de la Cordillera Cant\u00e1brica, tanto por su morfolog\u00eda alpina como por su cercan\u00eda a n\u00facleos urbanos, es Pe\u00f1a Ubi\u00f1a La Grande, de 2.418 metros sobre el nivel del mar. Es un cl\u00e1sico, tanto en Asturias como en el Le\u00f3n, al nacer sus vertientes en las dos provincias. Las v\u00edas normales de esta monta\u00f1a no demandan el uso de cuerda, pero s\u00ed el correcto manejo de los crampones y el piolet, al tener rampas prolongadas de unos 30\u00ba.<\/li>\n<\/ul>\n<ul>\n<li><strong>Sierra de Gredos:<\/strong>\u00a0La cumbre por antonomasia de la Sierra de Gredos es el particular Almanzor, con sus 2.592 metros sobre el nivel del mar. Esta estupenda monta\u00f1a gran\u00edtica, cumbre de Castilla, presenta una seria ascensi\u00f3n invernal, incluso, por su v\u00eda normal. Al final de \u00e9sta, se da vista a las \u201cCanales Oscuras\u201d, largas y expuestas. Una cuerda para el \u00faltimo tramo quiz\u00e1 no est\u00e9 de m\u00e1s\u2026<\/li>\n<\/ul>\n<ul>\n<li><strong>Sierra Nevada:<\/strong>\u00a0La cumbre m\u00e1s emblem\u00e1tica de Sierra Nevada, aunque no la m\u00e1s alta ni la m\u00e1s dif\u00edcil es, sin duda, El Veleta, con 3.396 metros sobre el nivel del mar. Es una monta\u00f1a accesible, debido a los remontes de la estaci\u00f3n de Sierra Nevada, aunque no se debe pasar por alto la peligrosidad de esta sierra castigada por el viento, en el que el estado de la nieve suele ser m\u00e1s bien compacto, si no hielo vivo.<\/li>\n<\/ul>\n<ul>\n<li><strong>Pirineo<\/strong>: La cumbre por antonomasia del Pirineo es el Aneto, de 3.404 metros sobre el nivel del mar. Famoso por su glaciar, hoy mermado, es una monta\u00f1a fant\u00e1stica para la pr\u00e1ctica del esqu\u00ed y el alpinismo, tanto por sus crestas como por algunas buenas paredes que ostenta.<\/li>\n<\/ul>\n<p><strong>Respecto a las cumbres extranjeras,<\/strong>\u00a0aunque ahora mismo lo de viajar lo tengamos algo lejano, la cima m\u00e1s famosa de Europa es el\u00a0<strong><a href=\"https:\/\/blog.urquiabas.com\/ascension-al-mont-blanc-es-apto-para-todo-tipo-de-publico\/\" target=\"_blank\" rel=\"noreferrer noopener\">Mont Blanc<\/a><\/strong>, de 4.810 metros sobre el nivel del mar. Es el techo de Europa, adem\u00e1s de una monta\u00f1a preciosa llena de maravillas paisaj\u00edsticas. A pesar de ser un pico comercial y relativamente c\u00f3modo gracias a los refugios, no deja de ser una experiencia inolvidable y muy recomendable.<\/p>\n<figure style=\"width: 800px\" class=\"wp-caption aligncenter\"><img loading=\"lazy\" decoding=\"async\" src=\"https:\/\/blog.urquiabas.com\/wp-content\/uploads\/2021\/01\/ascension-chamonix-mot-blanc.jpg\" alt=\"Ascensi\u00f3n en Chamonix, Mont Blanc\" width=\"800\" height=\"600\" \/><figcaption class=\"wp-caption-text\">Ascensi\u00f3n en Chamonix, Mont Blanc<\/figcaption><\/figure>\n<p class=\"has-text-align-center\"><em>\u201cEl mayor elemento de distinci\u00f3n en una actividad invernal es, sin duda, la nieve. Para un Gu\u00eda de Monta\u00f1a, trabajar sobre este elemento es uno de los mayores privilegios que se pueden desear, al gestionar la seguridad en toda su extensi\u00f3n. Lo que ayer era nieve polvo, hoy puede ser hielo; y eso, en verano, no pasa\u201d<\/em><\/p>\n<p class=\"has-text-align-center\">(Joaqu\u00edn \u00c1lvarez, Gu\u00eda AEGM, T\u00e9cnico Deportivo Alta Monta\u00f1a y Escalada)<\/p>\n<h2><strong>Problemas que puede dar la nieve y c\u00f3mo anticiparte<\/strong>\u00a0en una ascensi\u00f3n invernal<\/h2>\n<p>La nieve es un medio cambiante que exige estrategias diferentes dependiendo de su estado de transformaci\u00f3n. Y algunas de\u00a0<strong>las situaciones comprometidas m\u00e1s comunes\u00a0<\/strong>ante las que nos podemos topar son:<\/p>\n<ol type=\"1\">\n<li>Est\u00e1s en un llano con la nieve dura y no llevas crampones\u2026 P\u00f3ntelos ya, para no tener que sacarlos en una pendiente o media ladera.<\/li>\n<li>Si vas a subir a una cumbre que demande el uso de una cuerda y todav\u00eda no llevas arn\u00e9s, p\u00f3ntelo antes de llegar, y en un sitio c\u00f3modo.<\/li>\n<li>Con esqu\u00eds de traves\u00eda, la nieve est\u00e1 dura y vas con cuchillas, pero prev\u00e9s que la pendiente se incremente en el ascenso\u2026 Ponte crampones cuanto antes.<\/li>\n<\/ol>\n<p><em>\u201cHay mil supuestos, pero estos son los m\u00e1s caracter\u00edsticos y los que provocan m\u00e1s accidentes\u201d<\/em><\/p>\n<p>Como nos contaba Chus, la gerente de la empresa de\u00a0<a href=\"http:\/\/www.aegm.org\/\" target=\"_blank\" rel=\"noreferrer noopener\">Locura de Vida<\/a>, en su\u00a0<a href=\"https:\/\/blog.urquiabas.com\/accidente-de-montana-10-consejos-para-tener-un-accidente-en-la-montana\/\" target=\"_blank\" rel=\"noreferrer noopener\">divertido art\u00edculo<\/a>: \u201cLos accidentes de monta\u00f1a no son ninguna broma. Pueden costarnos la vida y poner en riesgo la de las personas que vengan a rescatarnos, por lo que ten precauci\u00f3n, prep\u00e1rate, f\u00f3rmate y utiliza el sentido com\u00fan\u201d.<\/p>\n<p><strong>Seguros imprescindibles para las empresas y\/o gu\u00edas de monta\u00f1a que organizan ascensiones invernales<\/strong><\/p>\n<p>Los Gu\u00edas de Monta\u00f1a est\u00e1n obligados a cubrir su Responsabilidad Civil y los Accidentes que los participantes puedan sufrir, en el desarrollo de las actividades, con sendos seguros, respectivamente.\u00a0<em>\u201cCada comunidad aut\u00f3noma\u00a0<a href=\"https:\/\/blog.urquiabas.com\/normativa-por-comunidades-autonomas-en-espana\/\" target=\"_blank\" rel=\"noreferrer noopener\">regula y legisla<\/a>\u00a0las condiciones y l\u00edmites de dichos seguros, siendo los m\u00ednimos exigibles bastante parejos entre ellas\u201d.<\/em><\/p>\n<h4 style=\"text-align: center;\"><span data-darkreader-inline-color=\"\">Gesti\u00f3n Radical<\/span><\/h4>\n<p><span style=\"font-weight: 400;\">Si vols estar a el dia de totes les nostres recomanacions i activitats per fer a la Costa Brava, no dubtis en apuntar-te a la nostra newsletter i seguir-nos a<\/span><a href=\"https:\/\/www.facebook.com\/costabravaparcaventura\/\" target=\"_blank\" rel=\"noopener noreferrer\"><span style=\"font-weight: 400;\">Facebook<\/span><\/a><span style=\"font-weight: 400;\"> i\u00a0<\/span><a href=\"https:\/\/www.instagram.com\/costabravaparcaventura\/\" target=\"_blank\" rel=\"noopener noreferrer\"><span style=\"font-weight: 400;\">Instagram<\/span><\/a><span style=\"font-weight: 400;\">.<\/span><\/p>\n<script>(function() {\n\twindow.mc4wp = window.mc4wp || {\n\t\tlisteners: [],\n\t\tforms: {\n\t\t\ton: function(evt, cb) {\n\t\t\t\twindow.mc4wp.listeners.push(\n\t\t\t\t\t{\n\t\t\t\t\t\tevent   : evt,\n\t\t\t\t\t\tcallback: cb\n\t\t\t\t\t}\n\t\t\t\t);\n\t\t\t}\n\t\t}\n\t}\n})();\n<\/script><!-- Mailchimp for WordPress v4.12.2 - https:\/\/wordpress.org\/plugins\/mailchimp-for-wp\/ --><form id=\"mc4wp-form-1\" class=\"mc4wp-form mc4wp-form-5292\" method=\"post\" data-id=\"5292\" data-name=\"Newsletter footer\" ><div class=\"mc4wp-form-fields\"><p>\r\n\t<input type=\"email\" name=\"EMAIL\" class=\"wpcf7-form-control wpcf7-text wpcf7-email wpcf7-validates-as-required wpcf7-validates-as-email form-control\" placeholder=\"Email\" required \/>\r\n<\/p>\r\n<p>\r\nDej\u00e1ndonos tu email, aceptas nuestros <a href=\"\/politica-de-privacidad-y-cookies\/\" target=\"_blank\">t\u00e9rminos y condiciones<\/a>\r\n<\/p>\r\n\r\n<p>\r\n\t<input  type=\"submit\" class=\"wpcf7-form-control wpcf7-submit btn btn-primary\" value=\"Suscribirse\" \/>\r\n<\/p><\/div><label style=\"display: none !important;\">Deja vac\u00edo este campo si eres humano: <input type=\"text\" name=\"_mc4wp_honeypot\" value=\"\" tabindex=\"-1\" autocomplete=\"off\" \/><\/label><input type=\"hidden\" name=\"_mc4wp_timestamp\" value=\"1777718124\" \/><input type=\"hidden\" name=\"_mc4wp_form_id\" value=\"5292\" \/><input type=\"hidden\" name=\"_mc4wp_form_element_id\" value=\"mc4wp-form-1\" \/><div class=\"mc4wp-response\"><\/div><\/form><!-- \/ Mailchimp for WordPress Plugin -->","protected":false},"excerpt":{"rendered":"<p>Dec\u00e1logo de consejos para realizar una ascensi\u00f3n invernal segura La monta\u00f1a tiene todo lo que necesitas durante este invierno: aire libre, lejos de multitudes y, sobre todo, deporte y aventura. Por ello, Joaqu\u00edn \u00c1lvarez, gu\u00eda de Alta Monta\u00f1a de la\u00a0Asociaci\u00f3n Espa\u00f1ola de Gu\u00edas de Monta\u00f1a (AEGM),\u00a0te da una serie de consejos para realizar unas correctas &hellip;<\/p>\n","protected":false},"author":5,"featured_media":16742,"comment_status":"closed","ping_status":"open","sticky":false,"template":"","format":"standard","meta":{"_acf_changed":false,"footnotes":""},"categories":[100,104],"tags":[],"class_list":{"0":"post-16740","1":"post","2":"type-post","3":"status-publish","4":"format-standard","5":"has-post-thumbnail","7":"category-actividades-en-la-naturaleza","8":"category-deportes-de-aventura","9":"clearfix","10":"article"},"acf":[],"yoast_head":"<!-- This site is optimized with the Yoast SEO plugin v27.5 - https:\/\/yoast.com\/product\/yoast-seo-wordpress\/ -->\n<title>ASCENSIONES INVERNALES - Costa Brava Parc Aventura<\/title>\n<meta name=\"description\" content=\"Dec\u00e1logo de consejos para realizar una ascensi\u00f3n invernal segura. Rutas recomendadas. Problemas que puede dar la nieve y c\u00f3mo anticiparte.\" \/>\n<meta name=\"robots\" content=\"index, follow, max-snippet:-1, max-image-preview:large, max-video-preview:-1\" \/>\n<link rel=\"canonical\" href=\"https:\/\/costabravaparcaventura.com\/es\/ascenciones-invernales\/\" \/>\n<meta property=\"og:locale\" content=\"es_ES\" \/>\n<meta property=\"og:type\" content=\"article\" \/>\n<meta property=\"og:title\" content=\"ASCENSIONES INVERNALES - Costa Brava Parc Aventura\" \/>\n<meta property=\"og:description\" content=\"Dec\u00e1logo de consejos para realizar una ascensi\u00f3n invernal segura. Rutas recomendadas. Problemas que puede dar la nieve y c\u00f3mo anticiparte.\" \/>\n<meta property=\"og:url\" content=\"https:\/\/costabravaparcaventura.com\/es\/ascenciones-invernales\/\" \/>\n<meta property=\"og:site_name\" content=\"Costa Brava Parc Aventura\" \/>\n<meta property=\"article:publisher\" content=\"https:\/\/www.facebook.com\/costabravaparcaventura\" \/>\n<meta property=\"article:published_time\" content=\"2021-12-13T15:42:50+00:00\" \/>\n<meta property=\"article:modified_time\" content=\"2021-12-20T20:19:26+00:00\" \/>\n<meta property=\"og:image\" content=\"https:\/\/costabravaparcaventura.com\/wp-content\/uploads\/2021\/12\/Subiendo-la-montana-en-invierno.jpeg\" \/>\n\t<meta property=\"og:image:width\" content=\"1200\" \/>\n\t<meta property=\"og:image:height\" content=\"675\" \/>\n\t<meta property=\"og:image:type\" content=\"image\/jpeg\" \/>\n<meta name=\"author\" content=\"Costa Brava Parc Aventura\" \/>\n<meta name=\"twitter:card\" content=\"summary_large_image\" \/>\n<meta name=\"twitter:creator\" content=\"@BravaParc\" \/>\n<meta name=\"twitter:site\" content=\"@BravaParc\" \/>\n<meta name=\"twitter:label1\" content=\"Escrito por\" \/>\n\t<meta name=\"twitter:data1\" content=\"Costa Brava Parc Aventura\" \/>\n\t<meta name=\"twitter:label2\" content=\"Tiempo de lectura\" \/>\n\t<meta name=\"twitter:data2\" content=\"6 minutos\" \/>\n<script type=\"application\/ld+json\" class=\"yoast-schema-graph\">{\"@context\":\"https:\\\/\\\/schema.org\",\"@graph\":[{\"@type\":\"Article\",\"@id\":\"https:\\\/\\\/costabravaparcaventura.com\\\/es\\\/ascenciones-invernales\\\/#article\",\"isPartOf\":{\"@id\":\"https:\\\/\\\/costabravaparcaventura.com\\\/es\\\/ascenciones-invernales\\\/\"},\"author\":{\"name\":\"Costa Brava Parc Aventura\",\"@id\":\"https:\\\/\\\/costabravaparcaventura.com\\\/es\\\/#\\\/schema\\\/person\\\/5e2a82ca06b9316b3968c37c4d7d22c7\"},\"headline\":\"ASCENSIONES INVERNALES\",\"datePublished\":\"2021-12-13T15:42:50+00:00\",\"dateModified\":\"2021-12-20T20:19:26+00:00\",\"mainEntityOfPage\":{\"@id\":\"https:\\\/\\\/costabravaparcaventura.com\\\/es\\\/ascenciones-invernales\\\/\"},\"wordCount\":1231,\"publisher\":{\"@id\":\"https:\\\/\\\/costabravaparcaventura.com\\\/es\\\/#organization\"},\"image\":{\"@id\":\"https:\\\/\\\/costabravaparcaventura.com\\\/es\\\/ascenciones-invernales\\\/#primaryimage\"},\"thumbnailUrl\":\"https:\\\/\\\/costabravaparcaventura.com\\\/wp-content\\\/uploads\\\/2021\\\/12\\\/Subiendo-la-montana-en-invierno.jpeg\",\"articleSection\":[\"Actividades en la Naturaleza\",\"Deportes de aventura\"],\"inLanguage\":\"es\"},{\"@type\":\"WebPage\",\"@id\":\"https:\\\/\\\/costabravaparcaventura.com\\\/es\\\/ascenciones-invernales\\\/\",\"url\":\"https:\\\/\\\/costabravaparcaventura.com\\\/es\\\/ascenciones-invernales\\\/\",\"name\":\"ASCENSIONES INVERNALES - Costa Brava Parc Aventura\",\"isPartOf\":{\"@id\":\"https:\\\/\\\/costabravaparcaventura.com\\\/es\\\/#website\"},\"primaryImageOfPage\":{\"@id\":\"https:\\\/\\\/costabravaparcaventura.com\\\/es\\\/ascenciones-invernales\\\/#primaryimage\"},\"image\":{\"@id\":\"https:\\\/\\\/costabravaparcaventura.com\\\/es\\\/ascenciones-invernales\\\/#primaryimage\"},\"thumbnailUrl\":\"https:\\\/\\\/costabravaparcaventura.com\\\/wp-content\\\/uploads\\\/2021\\\/12\\\/Subiendo-la-montana-en-invierno.jpeg\",\"datePublished\":\"2021-12-13T15:42:50+00:00\",\"dateModified\":\"2021-12-20T20:19:26+00:00\",\"description\":\"Dec\u00e1logo de consejos para realizar una ascensi\u00f3n invernal segura. Rutas recomendadas. Problemas que puede dar la nieve y c\u00f3mo anticiparte.\",\"breadcrumb\":{\"@id\":\"https:\\\/\\\/costabravaparcaventura.com\\\/es\\\/ascenciones-invernales\\\/#breadcrumb\"},\"inLanguage\":\"es\",\"potentialAction\":[{\"@type\":\"ReadAction\",\"target\":[\"https:\\\/\\\/costabravaparcaventura.com\\\/es\\\/ascenciones-invernales\\\/\"]}]},{\"@type\":\"ImageObject\",\"inLanguage\":\"es\",\"@id\":\"https:\\\/\\\/costabravaparcaventura.com\\\/es\\\/ascenciones-invernales\\\/#primaryimage\",\"url\":\"https:\\\/\\\/costabravaparcaventura.com\\\/wp-content\\\/uploads\\\/2021\\\/12\\\/Subiendo-la-montana-en-invierno.jpeg\",\"contentUrl\":\"https:\\\/\\\/costabravaparcaventura.com\\\/wp-content\\\/uploads\\\/2021\\\/12\\\/Subiendo-la-montana-en-invierno.jpeg\",\"width\":1200,\"height\":675,\"caption\":\"Subiendo-la-montana-en-invierno\"},{\"@type\":\"BreadcrumbList\",\"@id\":\"https:\\\/\\\/costabravaparcaventura.com\\\/es\\\/ascenciones-invernales\\\/#breadcrumb\",\"itemListElement\":[{\"@type\":\"ListItem\",\"position\":1,\"name\":\"Portada\",\"item\":\"https:\\\/\\\/costabravaparcaventura.com\\\/es\\\/\"},{\"@type\":\"ListItem\",\"position\":2,\"name\":\"ASCENSIONES INVERNALES\"}]},{\"@type\":\"WebSite\",\"@id\":\"https:\\\/\\\/costabravaparcaventura.com\\\/es\\\/#website\",\"url\":\"https:\\\/\\\/costabravaparcaventura.com\\\/es\\\/\",\"name\":\"Costa Brava Parc Aventura\",\"description\":\"tirolinas costa brava\",\"publisher\":{\"@id\":\"https:\\\/\\\/costabravaparcaventura.com\\\/es\\\/#organization\"},\"potentialAction\":[{\"@type\":\"SearchAction\",\"target\":{\"@type\":\"EntryPoint\",\"urlTemplate\":\"https:\\\/\\\/costabravaparcaventura.com\\\/es\\\/?s={search_term_string}\"},\"query-input\":{\"@type\":\"PropertyValueSpecification\",\"valueRequired\":true,\"valueName\":\"search_term_string\"}}],\"inLanguage\":\"es\"},{\"@type\":\"Organization\",\"@id\":\"https:\\\/\\\/costabravaparcaventura.com\\\/es\\\/#organization\",\"name\":\"Costa Brava Parc Aventura\",\"url\":\"https:\\\/\\\/costabravaparcaventura.com\\\/es\\\/\",\"logo\":{\"@type\":\"ImageObject\",\"inLanguage\":\"es\",\"@id\":\"https:\\\/\\\/costabravaparcaventura.com\\\/es\\\/#\\\/schema\\\/logo\\\/image\\\/\",\"url\":\"https:\\\/\\\/costabravaparcaventura.com\\\/wp-content\\\/uploads\\\/2023\\\/07\\\/logo_parc_aventura_600.jpg\",\"contentUrl\":\"https:\\\/\\\/costabravaparcaventura.com\\\/wp-content\\\/uploads\\\/2023\\\/07\\\/logo_parc_aventura_600.jpg\",\"width\":600,\"height\":600,\"caption\":\"Costa Brava Parc Aventura\"},\"image\":{\"@id\":\"https:\\\/\\\/costabravaparcaventura.com\\\/es\\\/#\\\/schema\\\/logo\\\/image\\\/\"},\"sameAs\":[\"https:\\\/\\\/www.facebook.com\\\/costabravaparcaventura\",\"https:\\\/\\\/x.com\\\/BravaParc\",\"https:\\\/\\\/www.instagram.com\\\/costabravaparcaventura\\\/\",\"https:\\\/\\\/www.youtube.com\\\/user\\\/costabravaparc\"]},{\"@type\":\"Person\",\"@id\":\"https:\\\/\\\/costabravaparcaventura.com\\\/es\\\/#\\\/schema\\\/person\\\/5e2a82ca06b9316b3968c37c4d7d22c7\",\"name\":\"Costa Brava Parc Aventura\",\"image\":{\"@type\":\"ImageObject\",\"inLanguage\":\"es\",\"@id\":\"https:\\\/\\\/secure.gravatar.com\\\/avatar\\\/19d0327e8265e1dc4e966a59529919ffca4c5bd5335bfaa42725daa25e694946?s=96&d=mm&r=g\",\"url\":\"https:\\\/\\\/secure.gravatar.com\\\/avatar\\\/19d0327e8265e1dc4e966a59529919ffca4c5bd5335bfaa42725daa25e694946?s=96&d=mm&r=g\",\"contentUrl\":\"https:\\\/\\\/secure.gravatar.com\\\/avatar\\\/19d0327e8265e1dc4e966a59529919ffca4c5bd5335bfaa42725daa25e694946?s=96&d=mm&r=g\",\"caption\":\"Costa Brava Parc Aventura\"},\"url\":\"https:\\\/\\\/costabravaparcaventura.com\\\/es\\\/author\\\/costa-brava-parc-aventura\\\/\"}]}<\/script>\n<!-- \/ Yoast SEO plugin. -->","yoast_head_json":{"title":"ASCENSIONES INVERNALES - Costa Brava Parc Aventura","description":"Dec\u00e1logo de consejos para realizar una ascensi\u00f3n invernal segura. Rutas recomendadas. Problemas que puede dar la nieve y c\u00f3mo anticiparte.","robots":{"index":"index","follow":"follow","max-snippet":"max-snippet:-1","max-image-preview":"max-image-preview:large","max-video-preview":"max-video-preview:-1"},"canonical":"https:\/\/costabravaparcaventura.com\/es\/ascenciones-invernales\/","og_locale":"es_ES","og_type":"article","og_title":"ASCENSIONES INVERNALES - Costa Brava Parc Aventura","og_description":"Dec\u00e1logo de consejos para realizar una ascensi\u00f3n invernal segura. Rutas recomendadas. Problemas que puede dar la nieve y c\u00f3mo anticiparte.","og_url":"https:\/\/costabravaparcaventura.com\/es\/ascenciones-invernales\/","og_site_name":"Costa Brava Parc Aventura","article_publisher":"https:\/\/www.facebook.com\/costabravaparcaventura","article_published_time":"2021-12-13T15:42:50+00:00","article_modified_time":"2021-12-20T20:19:26+00:00","og_image":[{"width":1200,"height":675,"url":"https:\/\/costabravaparcaventura.com\/wp-content\/uploads\/2021\/12\/Subiendo-la-montana-en-invierno.jpeg","type":"image\/jpeg"}],"author":"Costa Brava Parc Aventura","twitter_card":"summary_large_image","twitter_creator":"@BravaParc","twitter_site":"@BravaParc","twitter_misc":{"Escrito por":"Costa Brava Parc Aventura","Tiempo de lectura":"6 minutos"},"schema":{"@context":"https:\/\/schema.org","@graph":[{"@type":"Article","@id":"https:\/\/costabravaparcaventura.com\/es\/ascenciones-invernales\/#article","isPartOf":{"@id":"https:\/\/costabravaparcaventura.com\/es\/ascenciones-invernales\/"},"author":{"name":"Costa Brava Parc Aventura","@id":"https:\/\/costabravaparcaventura.com\/es\/#\/schema\/person\/5e2a82ca06b9316b3968c37c4d7d22c7"},"headline":"ASCENSIONES INVERNALES","datePublished":"2021-12-13T15:42:50+00:00","dateModified":"2021-12-20T20:19:26+00:00","mainEntityOfPage":{"@id":"https:\/\/costabravaparcaventura.com\/es\/ascenciones-invernales\/"},"wordCount":1231,"publisher":{"@id":"https:\/\/costabravaparcaventura.com\/es\/#organization"},"image":{"@id":"https:\/\/costabravaparcaventura.com\/es\/ascenciones-invernales\/#primaryimage"},"thumbnailUrl":"https:\/\/costabravaparcaventura.com\/wp-content\/uploads\/2021\/12\/Subiendo-la-montana-en-invierno.jpeg","articleSection":["Actividades en la Naturaleza","Deportes de aventura"],"inLanguage":"es"},{"@type":"WebPage","@id":"https:\/\/costabravaparcaventura.com\/es\/ascenciones-invernales\/","url":"https:\/\/costabravaparcaventura.com\/es\/ascenciones-invernales\/","name":"ASCENSIONES INVERNALES - Costa Brava Parc Aventura","isPartOf":{"@id":"https:\/\/costabravaparcaventura.com\/es\/#website"},"primaryImageOfPage":{"@id":"https:\/\/costabravaparcaventura.com\/es\/ascenciones-invernales\/#primaryimage"},"image":{"@id":"https:\/\/costabravaparcaventura.com\/es\/ascenciones-invernales\/#primaryimage"},"thumbnailUrl":"https:\/\/costabravaparcaventura.com\/wp-content\/uploads\/2021\/12\/Subiendo-la-montana-en-invierno.jpeg","datePublished":"2021-12-13T15:42:50+00:00","dateModified":"2021-12-20T20:19:26+00:00","description":"Dec\u00e1logo de consejos para realizar una ascensi\u00f3n invernal segura. Rutas recomendadas. Problemas que puede dar la nieve y c\u00f3mo anticiparte.","breadcrumb":{"@id":"https:\/\/costabravaparcaventura.com\/es\/ascenciones-invernales\/#breadcrumb"},"inLanguage":"es","potentialAction":[{"@type":"ReadAction","target":["https:\/\/costabravaparcaventura.com\/es\/ascenciones-invernales\/"]}]},{"@type":"ImageObject","inLanguage":"es","@id":"https:\/\/costabravaparcaventura.com\/es\/ascenciones-invernales\/#primaryimage","url":"https:\/\/costabravaparcaventura.com\/wp-content\/uploads\/2021\/12\/Subiendo-la-montana-en-invierno.jpeg","contentUrl":"https:\/\/costabravaparcaventura.com\/wp-content\/uploads\/2021\/12\/Subiendo-la-montana-en-invierno.jpeg","width":1200,"height":675,"caption":"Subiendo-la-montana-en-invierno"},{"@type":"BreadcrumbList","@id":"https:\/\/costabravaparcaventura.com\/es\/ascenciones-invernales\/#breadcrumb","itemListElement":[{"@type":"ListItem","position":1,"name":"Portada","item":"https:\/\/costabravaparcaventura.com\/es\/"},{"@type":"ListItem","position":2,"name":"ASCENSIONES INVERNALES"}]},{"@type":"WebSite","@id":"https:\/\/costabravaparcaventura.com\/es\/#website","url":"https:\/\/costabravaparcaventura.com\/es\/","name":"Costa Brava Parc Aventura","description":"tirolinas costa brava","publisher":{"@id":"https:\/\/costabravaparcaventura.com\/es\/#organization"},"potentialAction":[{"@type":"SearchAction","target":{"@type":"EntryPoint","urlTemplate":"https:\/\/costabravaparcaventura.com\/es\/?s={search_term_string}"},"query-input":{"@type":"PropertyValueSpecification","valueRequired":true,"valueName":"search_term_string"}}],"inLanguage":"es"},{"@type":"Organization","@id":"https:\/\/costabravaparcaventura.com\/es\/#organization","name":"Costa Brava Parc Aventura","url":"https:\/\/costabravaparcaventura.com\/es\/","logo":{"@type":"ImageObject","inLanguage":"es","@id":"https:\/\/costabravaparcaventura.com\/es\/#\/schema\/logo\/image\/","url":"https:\/\/costabravaparcaventura.com\/wp-content\/uploads\/2023\/07\/logo_parc_aventura_600.jpg","contentUrl":"https:\/\/costabravaparcaventura.com\/wp-content\/uploads\/2023\/07\/logo_parc_aventura_600.jpg","width":600,"height":600,"caption":"Costa Brava Parc Aventura"},"image":{"@id":"https:\/\/costabravaparcaventura.com\/es\/#\/schema\/logo\/image\/"},"sameAs":["https:\/\/www.facebook.com\/costabravaparcaventura","https:\/\/x.com\/BravaParc","https:\/\/www.instagram.com\/costabravaparcaventura\/","https:\/\/www.youtube.com\/user\/costabravaparc"]},{"@type":"Person","@id":"https:\/\/costabravaparcaventura.com\/es\/#\/schema\/person\/5e2a82ca06b9316b3968c37c4d7d22c7","name":"Costa Brava Parc Aventura","image":{"@type":"ImageObject","inLanguage":"es","@id":"https:\/\/secure.gravatar.com\/avatar\/19d0327e8265e1dc4e966a59529919ffca4c5bd5335bfaa42725daa25e694946?s=96&d=mm&r=g","url":"https:\/\/secure.gravatar.com\/avatar\/19d0327e8265e1dc4e966a59529919ffca4c5bd5335bfaa42725daa25e694946?s=96&d=mm&r=g","contentUrl":"https:\/\/secure.gravatar.com\/avatar\/19d0327e8265e1dc4e966a59529919ffca4c5bd5335bfaa42725daa25e694946?s=96&d=mm&r=g","caption":"Costa Brava Parc Aventura"},"url":"https:\/\/costabravaparcaventura.com\/es\/author\/costa-brava-parc-aventura\/"}]}},"_links":{"self":[{"href":"https:\/\/costabravaparcaventura.com\/es\/wp-json\/wp\/v2\/posts\/16740","targetHints":{"allow":["GET"]}}],"collection":[{"href":"https:\/\/costabravaparcaventura.com\/es\/wp-json\/wp\/v2\/posts"}],"about":[{"href":"https:\/\/costabravaparcaventura.com\/es\/wp-json\/wp\/v2\/types\/post"}],"author":[{"embeddable":true,"href":"https:\/\/costabravaparcaventura.com\/es\/wp-json\/wp\/v2\/users\/5"}],"replies":[{"embeddable":true,"href":"https:\/\/costabravaparcaventura.com\/es\/wp-json\/wp\/v2\/comments?post=16740"}],"version-history":[{"count":1,"href":"https:\/\/costabravaparcaventura.com\/es\/wp-json\/wp\/v2\/posts\/16740\/revisions"}],"predecessor-version":[{"id":16746,"href":"https:\/\/costabravaparcaventura.com\/es\/wp-json\/wp\/v2\/posts\/16740\/revisions\/16746"}],"wp:featuredmedia":[{"embeddable":true,"href":"https:\/\/costabravaparcaventura.com\/es\/wp-json\/wp\/v2\/media\/16742"}],"wp:attachment":[{"href":"https:\/\/costabravaparcaventura.com\/es\/wp-json\/wp\/v2\/media?parent=16740"}],"wp:term":[{"taxonomy":"category","embeddable":true,"href":"https:\/\/costabravaparcaventura.com\/es\/wp-json\/wp\/v2\/categories?post=16740"},{"taxonomy":"post_tag","embeddable":true,"href":"https:\/\/costabravaparcaventura.com\/es\/wp-json\/wp\/v2\/tags?post=16740"}],"curies":[{"name":"wp","href":"https:\/\/api.w.org\/{rel}","templated":true}]}}